{"id":5832,"date":"2026-04-25T18:16:07","date_gmt":"2026-04-25T18:16:07","guid":{"rendered":"https:\/\/foire-st-martin.ch\/?p=5832"},"modified":"2026-04-25T18:18:10","modified_gmt":"2026-04-25T18:18:10","slug":"2025-24-heures-des-tracteurs-oui-des-vaches-non","status":"publish","type":"post","link":"https:\/\/foire-st-martin.ch\/de\/2025-24-heures-des-tracteurs-oui-des-vaches-non\/","title":{"rendered":"2025 : 24 Heures &#8211; Des tracteurs oui, des vaches non"},"content":{"rendered":"\n[et_pb_section fb_built=&#8221;1&#8243; theme_builder_area=&#8221;post_content&#8221; _builder_version=&#8221;4.18.0&#8243; _module_preset=&#8221;default&#8221;][et_pb_row _builder_version=&#8221;4.18.0&#8243; _module_preset=&#8221;default&#8221; theme_builder_area=&#8221;post_content&#8221;][et_pb_column _builder_version=&#8221;4.18.0&#8243; _module_preset=&#8221;default&#8221; type=&#8221;4_4&#8243; theme_builder_area=&#8221;post_content&#8221;][et_pb_text _builder_version=&#8221;4.18.0&#8243; _module_preset=&#8221;default&#8221; theme_builder_area=&#8221;post_content&#8221; hover_enabled=&#8221;0&#8243; sticky_enabled=&#8221;0&#8243;]<div class=\"ContentHead _content-width astro-mrojhlls\">\n<div class=\"ArticleTitleHeader astro-bzjnzgnw\"><span class=\"titleheader astro-bzjnzgnw\">Foire de la Saint-Martin<\/span><\/div>\n<h2 class=\"title   astro-mrojhlls\"><span class=\"text astro-mrojhlls\" data-testid=\"content-title\">Des tracteurs oui, des vaches non: Vevey adapte sa foire<\/span><\/h2>\n<p class=\"lead regular externalicon-big astro-mrojhlls\"><span class=\"astro-mrojhlls astro-hwk6bfo3\"><span class=\"HtmlText astro-hwk6bfo3 astro-vze7ihyt\">Chevaux, ch\u00e8vres et lapins remplaceront les bovins absents du Grand Cort\u00e8ge. Une d\u00e9cision pr\u00e9ventive face \u00e0 la dermatose qui frappe les troupeaux fran\u00e7ais.<\/span><\/span><\/p>\n<div class=\"ContentMetaInfo astro-vmrqen7w\">\n<div class=\"contenttext astro-vmrqen7w\"><span class=\"datewrapper astro-vmrqen7w\"> <time datetime=\"2025-10-20T10:00:17.000Z\" class=\"FullDateTime _content-width -metainfo astro-rith7px3\"> Publi\u00e9: 20.10.2025, 12h00 <\/time> <\/span><\/div>\n<\/div>\n<\/div>\n<figure class=\"ArticleImage article-element astro-g2qwsodm astro-uq7zymzl\">\n<div class=\"image-wrapper astro-uq7zymzl\"><picture data-test-id=\"article-responsive-image\" class=\"astro-lrzy7jfn\"> <source srcset=\"https:\/\/cdn.unitycms.io\/images\/3xaUOnUOqTV8ml7_KTIkf_.jpg?op=ocroped&#038;val=110,83,1000,1000,0,0&#038;sum=Sd1Q8enLCx8 110w, https:\/\/cdn.unitycms.io\/images\/3xaUOnUOqTV8ml7_KTIkf_.jpg?op=ocroped&#038;val=264,198,1000,1000,0,0&#038;sum=t-kYAgRxkgU 264w, https:\/\/cdn.unitycms.io\/images\/3xaUOnUOqTV8ml7_KTIkf_.jpg?op=ocroped&#038;val=528,396,1000,1000,0,0&#038;sum=MJ6ucuyoqOY 528w, https:\/\/cdn.unitycms.io\/images\/3xaUOnUOqTV8ml7_KTIkf_.jpg?op=ocroped&#038;val=1056,792,1000,1000,0,0&#038;sum=1B1_zAqnqWM 1056w, https:\/\/cdn.unitycms.io\/images\/3xaUOnUOqTV8ml7_KTIkf_.jpg?op=ocroped&#038;val=1920,1440,1000,1000,0,0&#038;sum=wM0RH6PKq6M 1920w\" sizes=\"100vw\" width=\"1920\" height=\"1280\" data-testid=\"article-responsive-image-source-desktop\" class=\"astro-lrzy7jfn\" \/> <img decoding=\"async\" loading=\"eager\" fetchpriority=\"high\" src=\"https:\/\/cdn.unitycms.io\/images\/3xaUOnUOqTV8ml7_KTIkf_.jpg\" data-image-url=\"https:\/\/cdn.unitycms.io\/images\/3xaUOnUOqTV8ml7_KTIkf_.jpg\" alt=\"Deux vaches brunes et blanches d\u00e9cor\u00e9es avec des cloches et des fleurs se tiennent pr\u00e8s d\u2019un banc, avec un lac et des montagnes en arri\u00e8re-plan.\" title=\"Deux vaches brunes et blanches d\u00e9cor\u00e9es avec des cloches et des fleurs se tiennent pr\u00e8s d\u2019un banc, avec un lac et des montagnes en arri\u00e8re-plan.\" class=\"ResponsiveImage responsive-image astro-lrzy7jfn\" style=\"background-color: transparent;\" onload=\"this.style.backgroundColor = \"transparent\"\" \/> <\/picture><\/div>\n<figcaption class=\"ContentCaption regular externalicon content-caption astro-3u5rfnau\">\n<div class=\" astro-hwk6bfo3\"><span class=\"HtmlText astro-hwk6bfo3 astro-vze7ihyt\">Pas de vaches \u00e0 Vevey cette ann\u00e9e: celles-ci seront remplac\u00e9es par des tracteurs et d\u2019autres animaux de la ferme.<\/span><\/div>\n<div class=\"contentcredit astro-3u5rfnau\">Site officiel de la Foire de la Saint-Martin<\/div>\n<\/figcaption>\n<\/figure>\n<div id=\"bottalk-wrapper\" class=\"Bottalk astro-igtjuuj2\"><\/div>\n<p class=\"articleParagraph externalicon-big focus _content-width article-element astro-g2qwsodm astro-hwk6bfo3\"><span class=\"HtmlText astro-hwk6bfo3 astro-vze7ihyt\">Les bovins ne participeront pas au Grand Cort\u00e8ge de la 554<sup>e<\/sup> Foire de la Saint-Martin, pr\u00e9vu le 1<sup>er<\/sup> novembre \u00e0 Vevey, en raison de la situation sanitaire li\u00e9e \u00e0 <\/span><a class=\"noExternalIcon astro-hwk6bfo3\" target=\"_self\" href=\"https:\/\/www.24heures.ch\/dermatose-nodulaire-un-elu-veut-eviter-labattage-des-troupeaux-262352717015\" data-article-link=\"\/dermatose-nodulaire-un-elu-veut-eviter-labattage-des-troupeaux-262352717015\" rel=\"nofollow noopener\"><span>la dermatose nodulaire contagieuse<\/span><\/a><span class=\"HtmlText astro-hwk6bfo3 astro-vze7ihyt\">, comme l\u2019a annonc\u00e9 la Confr\u00e9rie de la Saint-Martin dans un <\/span><a class=\" astro-hwk6bfo3\" target=\"_blank\" rel=\"noopener noreferrer\" href=\"https:\/\/foire-st-martin.ch\/de\/absence-des-bovins-en-2025\/\" data-article-link=\"https:\/\/foire-st-martin.ch\/absence-des-bovins-en-2025\/\"><span>communiqu\u00e9<\/span><\/a><span class=\"HtmlText astro-hwk6bfo3 astro-vze7ihyt\"> paru le 19\u00a0octobre. Cette d\u00e9cision a \u00e9t\u00e9 prise d\u2019un commun accord avec le v\u00e9t\u00e9rinaire cantonal vaudois, alors que <\/span><a class=\"noExternalIcon astro-hwk6bfo3\" target=\"_self\" href=\"https:\/\/www.24heures.ch\/lain-un-premier-foyer-de-dermatose-nodulaire-detecte-276216934660\" data-article-link=\"\/lain-un-premier-foyer-de-dermatose-nodulaire-detecte-276216934660\" rel=\"nofollow noopener\"><span>cette maladie animale progresse chez les voisins fran\u00e7ais<\/span><\/a><span class=\"HtmlText astro-hwk6bfo3 astro-vze7ihyt\">, sans toutefois avoir franchi la fronti\u00e8re suisse.<\/span><\/p>\n<p class=\"articleParagraph externalicon-big focus _content-width article-element astro-g2qwsodm astro-hwk6bfo3\"><span class=\"HtmlText astro-hwk6bfo3 astro-vze7ihyt\">La manifestation veveysanne devra donc se tenir sans la pr\u00e9sence des vaches, habituellement tr\u00e8s attendues lors de l\u2019\u00e9v\u00e9nement. La d\u00e9monstration de traite pr\u00e9vue est \u00e9galement annul\u00e9e.<\/span><\/p>\n<p class=\"articleParagraph externalicon-big focus _content-width article-element astro-g2qwsodm astro-hwk6bfo3\"><span class=\"HtmlText astro-hwk6bfo3 astro-vze7ihyt\">Pour pallier cette absence, les organisateurs pr\u00e9voient d\u2019autres attractions avec notamment des animaux de la ferme comme des chiens, chevaux, ch\u00e8vres, \u00e2nes, poules et lapins, ainsi que des machines agricoles. Une d\u00e9l\u00e9gation d\u2019\u00e9leveurs accompagnera ces animaux durant le cort\u00e8ge.<\/span><\/p>\n<h2 class=\"HtmlText crosshead _content-width article-element astro-g2qwsodm astro-vze7ihyt\">Cort\u00e8ge maintenu avec nouveaut\u00e9s<\/h2>\n<p class=\"articleParagraph externalicon-big focus _content-width article-element astro-g2qwsodm astro-hwk6bfo3\"><span class=\"HtmlText astro-hwk6bfo3 astro-vze7ihyt\">Malgr\u00e9 l\u2019absence des bovins, le Grand Cort\u00e8ge reste maintenu avec son programme traditionnel. Saint-Martin \u00e0 cheval, les vieux tracteurs, les sonneurs de cloches, les figurants de la FEVI, les barbus de la Gruy\u00e8re, les Fifres et Tambours de B\u00e2le, les Cent-Suisses, les \u00e9coles de Vevey, les tracassets et les Milices vaudoises seront pr\u00e9sents.<\/span><\/p>\n<p class=\"articleParagraph externalicon-big focus _content-width article-element astro-g2qwsodm astro-hwk6bfo3\"><span class=\"HtmlText astro-hwk6bfo3 astro-vze7ihyt\">Plusieurs nouveaut\u00e9s enrichiront cette \u00e9dition 2025. Des d\u00e9l\u00e9gations de villes jumel\u00e9es, la Guggen des Kamikaze de Monthey et l\u2019Amicale des Monoaxes de La Forclaz rejoindront le d\u00e9fil\u00e9. La composition d\u00e9finitive du cort\u00e8ge, susceptible d\u2019\u00e9voluer dans les prochains jours, est consultable sur le <\/span><a class=\" astro-hwk6bfo3\" target=\"_blank\" rel=\"noopener noreferrer\" href=\"http:\/\/www.foire-st-martin.ch\/compoGC2025\" data-article-link=\"http:\/\/www.foire-st-martin.ch\/compoGC2025\"><span>site internet<\/span><\/a><span class=\"HtmlText astro-hwk6bfo3 astro-vze7ihyt\"> de la manifestation.<\/span><\/p>\n<p class=\"articleParagraph externalicon-big focus _content-width article-element astro-g2qwsodm astro-hwk6bfo3\"><span class=\"HtmlText astro-hwk6bfo3 astro-vze7ihyt\">La confr\u00e9rie indique privil\u00e9gier la sant\u00e9 des animaux et le soutien aux \u00e9leveurs partenaires dans leurs d\u00e9marches de pr\u00e9vention sanitaire. Elle invite le public \u00e0 venir manifester son soutien aux agriculteurs par sa pr\u00e9sence et ses applaudissements lors du Grand Cort\u00e8ge, malgr\u00e9 cette absence inhabituelle du b\u00e9tail bovin.<\/span><\/p>\n<p class=\"articleParagraph externalicon-big focus _content-width article-element astro-g2qwsodm astro-hwk6bfo3\"><span class=\"HtmlText astro-hwk6bfo3 astro-vze7ihyt\"><\/span><\/p>\n<p class=\"articleParagraph externalicon-big focus _content-width article-element astro-g2qwsodm astro-hwk6bfo3\"><a href=\"https:\/\/www.24heures.ch\/vevey-le-grand-cortege-de-saint-martin-se-tiendra-sans-bovins-940400599101\" rel=\"nofollow noopener\" target=\"_blank\"><span class=\"HtmlText astro-hwk6bfo3 astro-vze7ihyt\">https:\/\/www.24heures.ch\/vevey-le-grand-cortege-de-saint-martin-se-tiendra-sans-bovins-940400599101<\/span><\/a><\/p>[\/et_pb_text][\/et_pb_column][\/et_pb_row][\/et_pb_section]\n","protected":false},"excerpt":{"rendered":"<p>Foire de la Saint-Martin Des tracteurs oui, des vaches non: Vevey adapte sa foire Chevaux, ch\u00e8vres et lapins remplaceront les bovins absents du Grand Cort\u00e8ge. Une d\u00e9cision pr\u00e9ventive face \u00e0 la dermatose qui frappe les troupeaux fran\u00e7ais. Publi\u00e9: 20.10.2025, 12h00 Pas de vaches \u00e0 Vevey cette ann\u00e9e: celles-ci seront remplac\u00e9es par des tracteurs et d\u2019autres [&hellip;]<\/p>\n","protected":false},"author":5,"featured_media":5836,"comment_status":"closed","ping_status":"open","sticky":false,"template":"","format":"standard","meta":{"_et_pb_use_builder":"on","_et_pb_old_content":"","_et_gb_content_width":"","pgc_sgb_lightbox_settings":"","_jetpack_memberships_contains_paid_content":false,"footnotes":""},"categories":[3,52],"tags":[],"class_list":["post-5832","post","type-post","status-publish","format-standard","has-post-thumbnail","hentry","category-presse","category-24-heures"],"jetpack_featured_media_url":"https:\/\/foire-st-martin.ch\/wp-content\/uploads\/2026\/04\/3xaUOnUOqTV8ml7_KTIkf_.webp","jetpack_sharing_enabled":true,"rttpg_featured_image_url":{"full":["https:\/\/foire-st-martin.ch\/wp-content\/uploads\/2026\/04\/3xaUOnUOqTV8ml7_KTIkf_.webp",980,735,false],"landscape":["https:\/\/foire-st-martin.ch\/wp-content\/uploads\/2026\/04\/3xaUOnUOqTV8ml7_KTIkf_.webp",980,735,false],"portraits":["https:\/\/foire-st-martin.ch\/wp-content\/uploads\/2026\/04\/3xaUOnUOqTV8ml7_KTIkf_.webp",980,735,false],"thumbnail":["https:\/\/foire-st-martin.ch\/wp-content\/uploads\/2026\/04\/3xaUOnUOqTV8ml7_KTIkf_-150x150.webp",150,150,true],"medium":["https:\/\/foire-st-martin.ch\/wp-content\/uploads\/2026\/04\/3xaUOnUOqTV8ml7_KTIkf_-300x225.webp",300,225,true],"large":["https:\/\/foire-st-martin.ch\/wp-content\/uploads\/2026\/04\/3xaUOnUOqTV8ml7_KTIkf_.webp",980,735,false],"1536x1536":["https:\/\/foire-st-martin.ch\/wp-content\/uploads\/2026\/04\/3xaUOnUOqTV8ml7_KTIkf_.webp",980,735,false],"2048x2048":["https:\/\/foire-st-martin.ch\/wp-content\/uploads\/2026\/04\/3xaUOnUOqTV8ml7_KTIkf_.webp",980,735,false],"et-pb-post-main-image":["https:\/\/foire-st-martin.ch\/wp-content\/uploads\/2026\/04\/3xaUOnUOqTV8ml7_KTIkf_-400x250.webp",400,250,true],"et-pb-post-main-image-fullwidth":["https:\/\/foire-st-martin.ch\/wp-content\/uploads\/2026\/04\/3xaUOnUOqTV8ml7_KTIkf_-980x675.webp",980,675,true],"et-pb-portfolio-image":["https:\/\/foire-st-martin.ch\/wp-content\/uploads\/2026\/04\/3xaUOnUOqTV8ml7_KTIkf_-400x284.webp",400,284,true],"et-pb-portfolio-module-image":["https:\/\/foire-st-martin.ch\/wp-content\/uploads\/2026\/04\/3xaUOnUOqTV8ml7_KTIkf_-510x382.webp",510,382,true],"et-pb-portfolio-image-single":["https:\/\/foire-st-martin.ch\/wp-content\/uploads\/2026\/04\/3xaUOnUOqTV8ml7_KTIkf_.webp",980,735,false],"et-pb-gallery-module-image-portrait":["https:\/\/foire-st-martin.ch\/wp-content\/uploads\/2026\/04\/3xaUOnUOqTV8ml7_KTIkf_-400x516.webp",400,516,true],"et-pb-post-main-image-fullwidth-large":["https:\/\/foire-st-martin.ch\/wp-content\/uploads\/2026\/04\/3xaUOnUOqTV8ml7_KTIkf_.webp",980,735,false],"et-pb-image--responsive--desktop":["https:\/\/foire-st-martin.ch\/wp-content\/uploads\/2026\/04\/3xaUOnUOqTV8ml7_KTIkf_.webp",960,720,false],"et-pb-image--responsive--tablet":["https:\/\/foire-st-martin.ch\/wp-content\/uploads\/2026\/04\/3xaUOnUOqTV8ml7_KTIkf_.webp",735,551,false],"et-pb-image--responsive--phone":["https:\/\/foire-st-martin.ch\/wp-content\/uploads\/2026\/04\/3xaUOnUOqTV8ml7_KTIkf_-480x360.webp",360,270,true],"woocommerce_thumbnail":["https:\/\/foire-st-martin.ch\/wp-content\/uploads\/2026\/04\/3xaUOnUOqTV8ml7_KTIkf_-300x300.webp",300,300,true],"woocommerce_single":["https:\/\/foire-st-martin.ch\/wp-content\/uploads\/2026\/04\/3xaUOnUOqTV8ml7_KTIkf_-600x450.webp",600,450,true],"woocommerce_gallery_thumbnail":["https:\/\/foire-st-martin.ch\/wp-content\/uploads\/2026\/04\/3xaUOnUOqTV8ml7_KTIkf_-100x100.webp",100,100,true],"variation_swatches_image_size":["https:\/\/foire-st-martin.ch\/wp-content\/uploads\/2026\/04\/3xaUOnUOqTV8ml7_KTIkf_-50x50.webp",50,50,true],"variation_swatches_tooltip_size":["https:\/\/foire-st-martin.ch\/wp-content\/uploads\/2026\/04\/3xaUOnUOqTV8ml7_KTIkf_-100x100.webp",100,100,true]},"rttpg_author":{"display_name":"Confr\u00e9rie Saint-Martin","author_link":"https:\/\/foire-st-martin.ch\/de\/author\/confrerie-st-martin\/"},"rttpg_comment":0,"rttpg_category":"<a href=\"https:\/\/foire-st-martin.ch\/de\/category\/presse\/\" rel=\"category tag\">Presse<\/a> <a href=\"https:\/\/foire-st-martin.ch\/de\/category\/presse\/24-heures\/\" rel=\"category tag\">24 Heures<\/a>","rttpg_excerpt":"Foire de la Saint-Martin Des tracteurs oui, des vaches non: Vevey adapte sa foire Chevaux, ch\u00e8vres et lapins remplaceront les bovins absents du Grand Cort\u00e8ge. Une d\u00e9cision pr\u00e9ventive face \u00e0 la dermatose qui frappe les troupeaux fran\u00e7ais. Publi\u00e9: 20.10.2025, 12h00 Pas de vaches \u00e0 Vevey cette ann\u00e9e: celles-ci seront remplac\u00e9es par des tracteurs et d\u2019autres&hellip;","_links":{"self":[{"href":"https:\/\/foire-st-martin.ch\/de\/wp-json\/wp\/v2\/posts\/5832","targetHints":{"allow":["GET"]}}],"collection":[{"href":"https:\/\/foire-st-martin.ch\/de\/wp-json\/wp\/v2\/posts"}],"about":[{"href":"https:\/\/foire-st-martin.ch\/de\/wp-json\/wp\/v2\/types\/post"}],"author":[{"embeddable":true,"href":"https:\/\/foire-st-martin.ch\/de\/wp-json\/wp\/v2\/users\/5"}],"replies":[{"embeddable":true,"href":"https:\/\/foire-st-martin.ch\/de\/wp-json\/wp\/v2\/comments?post=5832"}],"version-history":[{"count":3,"href":"https:\/\/foire-st-martin.ch\/de\/wp-json\/wp\/v2\/posts\/5832\/revisions"}],"predecessor-version":[{"id":5837,"href":"https:\/\/foire-st-martin.ch\/de\/wp-json\/wp\/v2\/posts\/5832\/revisions\/5837"}],"wp:featuredmedia":[{"embeddable":true,"href":"https:\/\/foire-st-martin.ch\/de\/wp-json\/wp\/v2\/media\/5836"}],"wp:attachment":[{"href":"https:\/\/foire-st-martin.ch\/de\/wp-json\/wp\/v2\/media?parent=5832"}],"wp:term":[{"taxonomy":"category","embeddable":true,"href":"https:\/\/foire-st-martin.ch\/de\/wp-json\/wp\/v2\/categories?post=5832"},{"taxonomy":"post_tag","embeddable":true,"href":"https:\/\/foire-st-martin.ch\/de\/wp-json\/wp\/v2\/tags?post=5832"}],"curies":[{"name":"wp","href":"https:\/\/api.w.org\/{rel}","templated":true}]}}