{"id":5827,"date":"2026-04-25T18:12:38","date_gmt":"2026-04-25T18:12:38","guid":{"rendered":"https:\/\/foire-st-martin.ch\/?p=5827"},"modified":"2026-04-25T18:12:39","modified_gmt":"2026-04-25T18:12:39","slug":"2025-rts-formule-gagnante-pour-la-saint-martin","status":"publish","type":"post","link":"https:\/\/foire-st-martin.ch\/de\/2025-rts-formule-gagnante-pour-la-saint-martin\/","title":{"rendered":"2025 : RTS &#8211; Formule Gagnante pour la Saint-Martin"},"content":{"rendered":"\n[et_pb_section fb_built=&#8221;1&#8243; theme_builder_area=&#8221;post_content&#8221; _builder_version=&#8221;4.18.0&#8243; _module_preset=&#8221;default&#8221; hover_enabled=&#8221;0&#8243; sticky_enabled=&#8221;0&#8243;][et_pb_row _builder_version=&#8221;4.18.0&#8243; _module_preset=&#8221;default&#8221; theme_builder_area=&#8221;post_content&#8221; hover_enabled=&#8221;0&#8243; sticky_enabled=&#8221;0&#8243;][et_pb_column _builder_version=&#8221;4.18.0&#8243; _module_preset=&#8221;default&#8221; type=&#8221;4_4&#8243; theme_builder_area=&#8221;post_content&#8221;][et_pb_text _builder_version=&#8221;4.18.0&#8243; _module_preset=&#8221;default&#8221; theme_builder_area=&#8221;post_content&#8221; hover_enabled=&#8221;0&#8243; sticky_enabled=&#8221;0&#8243;]<header class=\"rts-panel main article-header\" data-area-id=\"article-header\" data-area-index=\"1\">\n<div class=\"rts-module\">\n<div class=\"rts-container article-container\">\n<div class=\"article-top with-summary\">\n<h1 class=\"article-part article-title\">la Foire de la Saint-Martin, d\u00e9plac\u00e9e au samedi<\/h1>\n<\/div>\n<div class=\"article-text\">\n<figure class=\"article-part article-media media-card web video\" data-item-id=\"main_media\">\n<div data-href=\"https:\/\/www.rts.ch\/audio-podcast\/2025\/audio\/la-foire-de-la-st-martin-a-vevey-se-tient-desormais-le-samedi-interview-d-yves-rupp-29046095.html\" data-media-urn=\"urn:rts:audio:d9a6701a-8413-342b-b788-42a2e3263aa7\">\n<div class=\"embed-responsive\"><img decoding=\"async\" class=\"embed-responsive-item\" src=\"https:\/\/img.rts.ch\/articles\/2025\/image\/779tj6-29046139.image?w=1280&#038;h=720\" alt=\"C'\u00e9tait une premi\u00e8re en plus de 500 ans d'histoire : la Foire de la Saint-Martin, \u00e0 Vevey (VD), s'est tenue un samedi, alors qu'elle avait lieu jusqu'\u00e0 pr\u00e9sent un mardi [KEYSTONE - CYRIL ZINGARO]\" title=\"C'\u00e9tait une premi\u00e8re en plus de 500 ans d'histoire : la Foire de la Saint-Martin, \u00e0 Vevey (VD), s'est tenue un samedi, alors qu'elle avait lieu jusqu'\u00e0 pr\u00e9sent un mardi [KEYSTONE - CYRIL ZINGARO]\" \/> <span class=\"rts-picto square overlay picto-audio\"><\/span><\/div>\n<\/div>\n<figcaption class=\"legend js_item-title\">La Foire de la St-Martin \u00e0 Vevey se tient d\u00e9sormais le samedi: interview d&#8217;Yves Rupp \/ Forum \/ 4 min. \/ le 1 novembre 2025<\/figcaption>\n<\/figure>\n<\/div>\n<\/div>\n<\/div>\n<\/header>\n<section class=\"rts-panel main article-content\">\n<div class=\"rts-module\" data-area-id=\"article-content\" data-area-index=\"4\">\n<div class=\"rts-container article-container article-text\">\n<div class=\"article-part article-lead\">C&#8217;\u00e9tait une premi\u00e8re en plus de 500 ans d&#8217;histoire: la Foire de la Saint-Martin, \u00e0 Vevey (VD), s&#8217;est tenue ce samedi, alors qu&#8217;elle avait lieu jusqu&#8217;\u00e0 pr\u00e9sent un mardi. Ce changement a permis de contrer la baisse de la fr\u00e9quentation et le manque de b\u00e9n\u00e9voles, selon le commandeur de la Confr\u00e9rie de la Saint-Martin.<\/div>\n<div class=\"article-part article-body\">\n<p>&#8220;C&#8217;\u00e9tait noir de monde&#8221;, a t\u00e9moign\u00e9 samedi soir dans Forum Yves Rupp, \u00e0 la t\u00eate de la manifestation, alors que la f\u00eate battait encore son plein. Le commandeur de la Confr\u00e9rie de la Saint-Martin a affirm\u00e9 que l&#8217;\u00e9dition 2025 battait &#8220;tous les records&#8221;, se disant &#8220;heureux&#8221;.<\/p>\n<p>&#8220;On s&#8217;est rendu compte que quand on faisait \u00e7a le mardi, c&#8217;\u00e9taient surtout des entreprises veveysannes qui \u00e9taient l\u00e0 et qui faisaient leur petite sortie.\u00a0L\u00e0, on a touch\u00e9 un public qui nous int\u00e9resse tout autant, voire plus, parce que c&#8217;est la rel\u00e8ve: les familles avec des enfants&#8221;, a d\u00e9crit Yves Rupp.<\/p>\n<h2>Plus de 100 b\u00e9n\u00e9voles<\/h2>\n<p>Yves Rupp s&#8217;est aussi r\u00e9joui d&#8217;avoir pu trouver davantage de b\u00e9n\u00e9voles et notamment des jeunes. &#8220;Pour la premi\u00e8re fois, on a d\u00e9pass\u00e9 les 100 b\u00e9n\u00e9voles. (&#8230;) \u00c7a veut dire qu&#8217;on a eu raison de changer (la date)&#8221;, a affirm\u00e9 le commandeur de la Confr\u00e9rie de la Saint-Martin.<\/p>\n<p>Succ\u00e8s aussi du c\u00f4t\u00e9 des exposants, selon Yves Rupp. Pour la premi\u00e8re fois depuis 15 ans, 300 exposants se sont inscrits pour la manifestation, a-t-il soulign\u00e9, pr\u00e9cisant qu&#8217;ils \u00e9taient environ 200 en 2024 et 150 en 2023. L&#8217;ann\u00e9e derni\u00e8re, nombre d&#8217;entre eux se plaignaient du changement de date. Certains ont \u00e9t\u00e9 &#8220;assez grincheux&#8221;, a ajout\u00e9 Yves Rupp, mais ce samedi, &#8220;ils avaient tous la banane&#8221;.<\/p>\n<p>Cette ann\u00e9e a toutefois \u00e9t\u00e9 marqu\u00e9e par l&#8217;absence de vaches, \u00e0 cause de la progression de l&#8217;\u00e9pid\u00e9mie de dermatose, &#8220;un cr\u00e8ve-coeur&#8221; pour Yves Rupp.<\/p>\n<figure class=\"image landscape right\"><img decoding=\"async\" src=\"https:\/\/img.rts.ch\/articles\/2025\/image\/e2h3f1-29046125.image?mw=640\" alt=\"Pas de vaches lors du d\u00e9fil\u00e9 cette ann\u00e9e, \u00e0 cause de la dermatose, mais d'autres animaux, notamment des oies [KEYSTONE - CYRIL ZINGARO]\" title=\"Pas de vaches lors du d\u00e9fil\u00e9 cette ann\u00e9e, \u00e0 cause de la dermatose, mais d'autres animaux, notamment des oies [KEYSTONE - CYRIL ZINGARO]\" loading=\"lazy\" \/>\n<p>&nbsp;<\/p>\n<figcaption class=\"legend\">Pas de vaches lors du d\u00e9fil\u00e9 cette ann\u00e9e, \u00e0 cause de la dermatose, mais d&#8217;autres animaux, notamment des oies [KEYSTONE &#8211; CYRIL ZINGARO]<\/figcaption>\n<\/figure>\n<p>Au vu du succ\u00e8s de cette \u00e9dition, Yves Rupp a estim\u00e9 que la date du samedi &#8220;rentrait dans les m\u0153urs&#8221;. La manifestation se poursuit dimanche avec un brunch.<\/p>\n<p>La prochaine \u00e9dition, en 2026, commence &#8220;\u00e0 se dessiner&#8221;, a aussi indiqu\u00e9 le commandeur de la Confr\u00e9rie de la Saint-Martin. Une \u00e9dition particuli\u00e8re, car il s&#8217;agira de 555e Foire de la Saint-Martin. Yves Rupp a promis de\u00a0&#8220;mettre le feu au lac&#8221; et de &#8220;faire de la folie&#8221;.<\/p>\n<p class=\"sources\">Interview radio: Mehmet Gultas<\/p>\n<p class=\"credit\">Adaptation web: Julie Liardet<\/p>\n<\/div>\n<div class=\"article-part article-time\">\n<p><span class=\"publication-date\"> <span>Publi\u00e9<\/span> <time datetime=\"2025-11-01T20:01:45.000+0100\">le 1 novembre 2025 \u00e0 20:01<\/time> <\/span> <span class=\"modification-date\"> <span>Modifi\u00e9<\/span> <time datetime=\"2025-11-01T21:44:04.000+0100\">le 1 novembre 2025 \u00e0 21:44<\/time><\/span><\/p>\n<p><span class=\"modification-date\"><\/span><\/p>\n<p><a href=\"https:\/\/www.rts.ch\/info\/regions\/vaud\/2025\/article\/foire-de-la-saint-martin-a-vevey-succes-du-passage-au-samedi-29046099.html\" rel=\"nofollow noopener\" target=\"_blank\"><span class=\"modification-date\">https:\/\/www.rts.ch\/info\/regions\/vaud\/2025\/article\/foire-de-la-saint-martin-a-vevey-succes-du-passage-au-samedi-29046099.html<\/span><\/a><\/p>\n<p>&nbsp;<\/p>\n<\/div>\n<\/div>\n<\/div>\n<\/section>[\/et_pb_text][\/et_pb_column][\/et_pb_row][\/et_pb_section]\n","protected":false},"excerpt":{"rendered":"<p>la Foire de la Saint-Martin, d\u00e9plac\u00e9e au samedi La Foire de la St-Martin \u00e0 Vevey se tient d\u00e9sormais le samedi: interview d&#8217;Yves Rupp \/ Forum \/ 4 min. \/ le 1 novembre 2025 C&#8217;\u00e9tait une premi\u00e8re en plus de 500 ans d&#8217;histoire: la Foire de la Saint-Martin, \u00e0 Vevey (VD), s&#8217;est tenue ce samedi, alors [&hellip;]<\/p>\n","protected":false},"author":5,"featured_media":5826,"comment_status":"closed","ping_status":"open","sticky":false,"template":"","format":"standard","meta":{"_et_pb_use_builder":"on","_et_pb_old_content":"","_et_gb_content_width":"","pgc_sgb_lightbox_settings":"","_jetpack_memberships_contains_paid_content":false,"footnotes":""},"categories":[3,48],"tags":[],"class_list":["post-5827","post","type-post","status-publish","format-standard","has-post-thumbnail","hentry","category-presse","category-rts"],"jetpack_featured_media_url":"https:\/\/foire-st-martin.ch\/wp-content\/uploads\/2026\/04\/779tj6-29046139.jpg","jetpack_sharing_enabled":true,"rttpg_featured_image_url":{"full":["https:\/\/foire-st-martin.ch\/wp-content\/uploads\/2026\/04\/779tj6-29046139.jpg",1280,720,false],"landscape":["https:\/\/foire-st-martin.ch\/wp-content\/uploads\/2026\/04\/779tj6-29046139.jpg",1280,720,false],"portraits":["https:\/\/foire-st-martin.ch\/wp-content\/uploads\/2026\/04\/779tj6-29046139.jpg",1280,720,false],"thumbnail":["https:\/\/foire-st-martin.ch\/wp-content\/uploads\/2026\/04\/779tj6-29046139-150x150.jpg",150,150,true],"medium":["https:\/\/foire-st-martin.ch\/wp-content\/uploads\/2026\/04\/779tj6-29046139-300x169.jpg",300,169,true],"large":["https:\/\/foire-st-martin.ch\/wp-content\/uploads\/2026\/04\/779tj6-29046139-1024x576.jpg",1024,576,true],"1536x1536":["https:\/\/foire-st-martin.ch\/wp-content\/uploads\/2026\/04\/779tj6-29046139.jpg",1280,720,false],"2048x2048":["https:\/\/foire-st-martin.ch\/wp-content\/uploads\/2026\/04\/779tj6-29046139.jpg",1280,720,false],"et-pb-post-main-image":["https:\/\/foire-st-martin.ch\/wp-content\/uploads\/2026\/04\/779tj6-29046139-400x250.jpg",400,250,true],"et-pb-post-main-image-fullwidth":["https:\/\/foire-st-martin.ch\/wp-content\/uploads\/2026\/04\/779tj6-29046139-1080x675.jpg",1080,675,true],"et-pb-portfolio-image":["https:\/\/foire-st-martin.ch\/wp-content\/uploads\/2026\/04\/779tj6-29046139-400x284.jpg",400,284,true],"et-pb-portfolio-module-image":["https:\/\/foire-st-martin.ch\/wp-content\/uploads\/2026\/04\/779tj6-29046139-510x382.jpg",510,382,true],"et-pb-portfolio-image-single":["https:\/\/foire-st-martin.ch\/wp-content\/uploads\/2026\/04\/779tj6-29046139-1080x608.jpg",1080,608,true],"et-pb-gallery-module-image-portrait":["https:\/\/foire-st-martin.ch\/wp-content\/uploads\/2026\/04\/779tj6-29046139-400x516.jpg",400,516,true],"et-pb-post-main-image-fullwidth-large":["https:\/\/foire-st-martin.ch\/wp-content\/uploads\/2026\/04\/779tj6-29046139.jpg",1280,720,false],"et-pb-image--responsive--desktop":["https:\/\/foire-st-martin.ch\/wp-content\/uploads\/2026\/04\/779tj6-29046139.jpg",1280,720,false],"et-pb-image--responsive--tablet":["https:\/\/foire-st-martin.ch\/wp-content\/uploads\/2026\/04\/779tj6-29046139-980x551.jpg",980,551,true],"et-pb-image--responsive--phone":["https:\/\/foire-st-martin.ch\/wp-content\/uploads\/2026\/04\/779tj6-29046139-480x270.jpg",480,270,true],"woocommerce_thumbnail":["https:\/\/foire-st-martin.ch\/wp-content\/uploads\/2026\/04\/779tj6-29046139-300x300.jpg",300,300,true],"woocommerce_single":["https:\/\/foire-st-martin.ch\/wp-content\/uploads\/2026\/04\/779tj6-29046139-600x338.jpg",600,338,true],"woocommerce_gallery_thumbnail":["https:\/\/foire-st-martin.ch\/wp-content\/uploads\/2026\/04\/779tj6-29046139-100x100.jpg",100,100,true],"variation_swatches_image_size":["https:\/\/foire-st-martin.ch\/wp-content\/uploads\/2026\/04\/779tj6-29046139-50x50.jpg",50,50,true],"variation_swatches_tooltip_size":["https:\/\/foire-st-martin.ch\/wp-content\/uploads\/2026\/04\/779tj6-29046139-100x100.jpg",100,100,true]},"rttpg_author":{"display_name":"Confr\u00e9rie Saint-Martin","author_link":"https:\/\/foire-st-martin.ch\/de\/author\/confrerie-st-martin\/"},"rttpg_comment":0,"rttpg_category":"<a href=\"https:\/\/foire-st-martin.ch\/de\/category\/presse\/\" rel=\"category tag\">Presse<\/a> <a href=\"https:\/\/foire-st-martin.ch\/de\/category\/presse\/rts\/\" rel=\"category tag\">RTS<\/a>","rttpg_excerpt":"la Foire de la Saint-Martin, d\u00e9plac\u00e9e au samedi La Foire de la St-Martin \u00e0 Vevey se tient d\u00e9sormais le samedi: interview d'Yves Rupp \/ Forum \/ 4 min. \/ le 1 novembre 2025 C'\u00e9tait une premi\u00e8re en plus de 500 ans d'histoire: la Foire de la Saint-Martin, \u00e0 Vevey (VD), s'est tenue ce samedi, alors&hellip;","_links":{"self":[{"href":"https:\/\/foire-st-martin.ch\/de\/wp-json\/wp\/v2\/posts\/5827","targetHints":{"allow":["GET"]}}],"collection":[{"href":"https:\/\/foire-st-martin.ch\/de\/wp-json\/wp\/v2\/posts"}],"about":[{"href":"https:\/\/foire-st-martin.ch\/de\/wp-json\/wp\/v2\/types\/post"}],"author":[{"embeddable":true,"href":"https:\/\/foire-st-martin.ch\/de\/wp-json\/wp\/v2\/users\/5"}],"replies":[{"embeddable":true,"href":"https:\/\/foire-st-martin.ch\/de\/wp-json\/wp\/v2\/comments?post=5827"}],"version-history":[{"count":3,"href":"https:\/\/foire-st-martin.ch\/de\/wp-json\/wp\/v2\/posts\/5827\/revisions"}],"predecessor-version":[{"id":5831,"href":"https:\/\/foire-st-martin.ch\/de\/wp-json\/wp\/v2\/posts\/5827\/revisions\/5831"}],"wp:featuredmedia":[{"embeddable":true,"href":"https:\/\/foire-st-martin.ch\/de\/wp-json\/wp\/v2\/media\/5826"}],"wp:attachment":[{"href":"https:\/\/foire-st-martin.ch\/de\/wp-json\/wp\/v2\/media?parent=5827"}],"wp:term":[{"taxonomy":"category","embeddable":true,"href":"https:\/\/foire-st-martin.ch\/de\/wp-json\/wp\/v2\/categories?post=5827"},{"taxonomy":"post_tag","embeddable":true,"href":"https:\/\/foire-st-martin.ch\/de\/wp-json\/wp\/v2\/tags?post=5827"}],"curies":[{"name":"wp","href":"https:\/\/api.w.org\/{rel}","templated":true}]}}